{"id":7593,"date":"2011-10-25T14:56:45","date_gmt":"2011-10-25T11:56:45","guid":{"rendered":"https:\/\/wsy.center\/eder\/eder-first-general-assembly-meeting\/"},"modified":"2025-02-17T10:20:20","modified_gmt":"2025-02-17T07:20:20","slug":"eder-first-general-assembly-meeting","status":"publish","type":"post","link":"https:\/\/eder.org.tr\/en\/eder-first-general-assembly-meeting\/","title":{"rendered":"EDER First General Assembly Meeting"},"content":{"rendered":"<p>EDER (Electronic Commerce Infrastructure Providers Association) held its first general assembly meeting on Saturday, October 15, 2011 at Taksim Hill Hotel in Istanbul. Beh\u00e7et Envarl\u0131, Secretary General of the Informatics Foundation of Turkey (TBV), was the chairman of the council of the general assembly meeting, which was held with an intense participation.<\/p>\n<p><!-- \/wp:post-content --><\/p>\n<p><!-- wp:paragraph -->Prof. Dr. \u015eule I\u015f\u0131nsu \u00d6zmen from Bilgi University, Pelin Kabalak, Deputy General Manager of the Interbank Card Center (BKM), Hakan Orhun, Chairman of the Board of Directors of the Electronic Commerce Enterprises Association (ET\u0130D), Oktay Y\u0131lmaz, Vice Chairman of the Board of Directors, and Dr. Serhat \u00d6zt\u00fcrk, representative of the Small and Medium Enterprises Development Organization (KOSGEB) also took part in the general assembly meeting.<\/p>\n<p><!-- \/wp:paragraph --><\/p>\n<p><!-- wp:paragraph -->The general assembly meeting ended with the election of the organs of the association.<\/p>\n<p><!-- \/wp:paragraph --><\/p>\n<p><!-- wp:paragraph -->EDER board of directors was determined as follows:<\/p>\n<p><!-- \/wp:paragraph --><\/p>\n<p><!-- wp:paragraph -->EDER Board of Directors<\/p>\n<p><!-- \/wp:paragraph --><\/p>\n<p><!-- wp:paragraph -->Akif \u015eim\u015fek (Neticaret)<br \/>Y\u00fcksel Emino\u011flu (Projesoft)<br \/>\u00d6mer Ar\u0131kan (T-Soft)<br \/>S\u00fcleyman Kuzucu (Proticaret)<br \/>Seyhun \u00d6zkara (Ideasoft)<br \/>Emre G\u00fczer (PayU)<br \/>Fatih \u00c7al\u0131\u015fkan (IdeaSoft)<br \/>Bahad\u0131r Kemal G\u00fclcan (Kolayma\u011faza)<br \/>Fatih Balkan (PlatinMarket)<br \/>Ayd\u0131n Karad\u00f6ller (Fotometrik)<br \/>Cumhur T\u00fcrel Z\u00fcmr\u00fct (Projesoft)<br \/>Ozan Erdo\u011fan (Detay Telekom)<\/p>\n","protected":false},"excerpt":{"rendered":"<p>EDER (Electronic Commerce Infrastructure Providers Association) held its first general assembly meeting on Saturday, October 15, 2011 at Taksim Hill Hotel in Istanbul. Beh\u00e7et Envarl\u0131, Secretary General of the Informatics Foundation of Turkey (TBV), was the chairman of the council of the general assembly meeting, which was held with an intense participation. Prof. Dr. \u015eule [&hellip;]<\/p>\n","protected":false},"author":1,"featured_media":7580,"comment_status":"closed","ping_status":"closed","sticky":false,"template":"","format":"standard","meta":{"footnotes":""},"categories":[12],"tags":[],"class_list":["post-7593","post","type-post","status-publish","format-standard","has-post-thumbnail","hentry","category-general"],"_links":{"self":[{"href":"https:\/\/eder.org.tr\/en\/wp-json\/wp\/v2\/posts\/7593","targetHints":{"allow":["GET"]}}],"collection":[{"href":"https:\/\/eder.org.tr\/en\/wp-json\/wp\/v2\/posts"}],"about":[{"href":"https:\/\/eder.org.tr\/en\/wp-json\/wp\/v2\/types\/post"}],"author":[{"embeddable":true,"href":"https:\/\/eder.org.tr\/en\/wp-json\/wp\/v2\/users\/1"}],"replies":[{"embeddable":true,"href":"https:\/\/eder.org.tr\/en\/wp-json\/wp\/v2\/comments?post=7593"}],"version-history":[{"count":1,"href":"https:\/\/eder.org.tr\/en\/wp-json\/wp\/v2\/posts\/7593\/revisions"}],"predecessor-version":[{"id":7598,"href":"https:\/\/eder.org.tr\/en\/wp-json\/wp\/v2\/posts\/7593\/revisions\/7598"}],"wp:featuredmedia":[{"embeddable":true,"href":"https:\/\/eder.org.tr\/en\/wp-json\/wp\/v2\/media\/7580"}],"wp:attachment":[{"href":"https:\/\/eder.org.tr\/en\/wp-json\/wp\/v2\/media?parent=7593"}],"wp:term":[{"taxonomy":"category","embeddable":true,"href":"https:\/\/eder.org.tr\/en\/wp-json\/wp\/v2\/categories?post=7593"},{"taxonomy":"post_tag","embeddable":true,"href":"https:\/\/eder.org.tr\/en\/wp-json\/wp\/v2\/tags?post=7593"}],"curies":[{"name":"wp","href":"https:\/\/api.w.org\/{rel}","templated":true}]}}